{"id":2052,"date":"2025-04-30T19:11:17","date_gmt":"2025-04-30T19:11:17","guid":{"rendered":"http:\/\/pfadfinder-urberach.de\/?p=2052"},"modified":"2025-04-30T19:20:40","modified_gmt":"2025-04-30T19:20:40","slug":"sommerlager-dioezesanlager-2025-in-immenhausen","status":"publish","type":"post","link":"http:\/\/pfadfinder-urberach.de\/index.php\/2025\/04\/30\/sommerlager-dioezesanlager-2025-in-immenhausen\/","title":{"rendered":"Sommerlager\/Di\u00f6zesanlager (2025) in Immenhausen"},"content":{"rendered":"<p>Dieses Jahr werden wir im Sommer auf das Di\u00f6zesanlager der Di\u00f6zese Mainz<br \/>\nfahren. Einige von euch erinnern sich vielleicht noch an das letzte solche Lager,<br \/>\n2014 waren wir mit \u201eScouttropolis\u201c in Gro\u00dfzerlang.<br \/>\nDieses Jahr fahren wir mit 1000 anderen Pfadies nach Immenhausen (bei Kassel).<br \/>\nDabei sind Pfadfinder*innen aus der ganzen Di\u00f6zese Mainz, einige kennt ihr<br \/>\nvielleicht schon von anderen Aktionen, und auch zahlreiche internationale G\u00e4ste.<\/p>\n<p><img loading=\"lazy\" decoding=\"async\" src=\"http:\/\/pfadfinder-urberach.de\/wp-content\/uploads\/2025\/04\/Immenhausen_Zeltplatz.png\" alt=\"\" width=\"654\" height=\"352\" class=\"alignnone  wp-image-2053\" srcset=\"http:\/\/pfadfinder-urberach.de\/wp-content\/uploads\/2025\/04\/Immenhausen_Zeltplatz.png 2854w, http:\/\/pfadfinder-urberach.de\/wp-content\/uploads\/2025\/04\/Immenhausen_Zeltplatz-300x161.png 300w, http:\/\/pfadfinder-urberach.de\/wp-content\/uploads\/2025\/04\/Immenhausen_Zeltplatz-1024x551.png 1024w, http:\/\/pfadfinder-urberach.de\/wp-content\/uploads\/2025\/04\/Immenhausen_Zeltplatz-768x413.png 768w, http:\/\/pfadfinder-urberach.de\/wp-content\/uploads\/2025\/04\/Immenhausen_Zeltplatz-1536x827.png 1536w, http:\/\/pfadfinder-urberach.de\/wp-content\/uploads\/2025\/04\/Immenhausen_Zeltplatz-2048x1102.png 2048w\" sizes=\"auto, (max-width: 654px) 100vw, 654px\" \/><\/p>\n<p>Anreisen wollen wir nach Immenhausen mit der Bahn. Einige von euch haben<br \/>\nvermutlich ein Hessen- oder Deutschlandticket. Lasst uns bitte wissen, wenn das<br \/>\nder Fall ist, damit wir entsprechend damit planen k\u00f6nnen.<\/p>\n<h3><strong>Wichtige Hinweise:<\/strong><\/h3>\n<p>Da wir uns als Stamm gesammelt f\u00fcr das Zeltlager anmelden m\u00fcssen, die Di\u00f6zese<br \/>\naber trotzdem die Infos f\u00fcr alle Teilnehmenden vor Ort braucht, m\u00fcssen wir die<br \/>\nAnmeldung dieses Jahr ausnahmsweise nochmal analog machen. Ihr m\u00fcsst also<br \/>\nbitte die 5-seitige Anmeldung ausf\u00fcllen die Ihr <a href=\"http:\/\/pfadfinder-urberach.de\/index.php\/downloads\/\">hier<\/a> findet und bei uns abgeben:<\/p>\n<p style=\"text-align: center;\"><strong>Pascal Fink<\/strong><br \/>\n<strong>Bruckwiesenstra\u00dfe 36<\/strong><br \/>\n<strong>63322 R\u00f6dermark Urberach<\/strong><\/p>\n<p>Auch der Anmeldeschluss ist f\u00fcr dieses Jahr fr\u00fcher als gewohnt. Wir m\u00fcssen uns<br \/>\nals Stamm bis zum 28. Februar anmelden, also brauchen wir <strong>eure Anmeldungen<\/strong><br \/>\nbis sp\u00e4testens zum <strong>23. Februar<\/strong>!<br \/>\nDer Teilnehmendenbeitrag f\u00fcr das Lager liegt bei 300 \u20ac (280 f\u00fcr Geschwisterkinder)<br \/>\nDarin enthalten ist der Beitrag f\u00fcr das Lager selbst sowie die An- und Abreise, die<br \/>\nwir als Stamm organisieren werden.<br \/>\nDen Betrag m\u00fcsst ihr bitte <strong>bis zum 1. Juni<\/strong> auf das Konto \u00fcberweisen:<\/p>\n<p style=\"text-align: center;\"><strong>Kontoinhaber: Pfadfinder Urberach e. V.<\/strong><br \/>\n<strong>IBAN: DE55 5085 2651 0148 0168 50<\/strong><br \/>\n<strong>Verwendungszweck: SoLa25 [Name des Kindes]<\/strong><\/p>\n<p style=\"text-align: left;\">Wir freuen uns auf ein super cooles Lager mit euch!<\/p>\n<p><img loading=\"lazy\" decoding=\"async\" src=\"http:\/\/pfadfinder-urberach.de\/wp-content\/uploads\/2017\/06\/Leiterrunde-300x210.png\" alt=\"\" width=\"199\" height=\"139\" class=\"alignnone  wp-image-492\" srcset=\"http:\/\/pfadfinder-urberach.de\/wp-content\/uploads\/2017\/06\/Leiterrunde-300x210.png 300w, http:\/\/pfadfinder-urberach.de\/wp-content\/uploads\/2017\/06\/Leiterrunde-768x538.png 768w, http:\/\/pfadfinder-urberach.de\/wp-content\/uploads\/2017\/06\/Leiterrunde.png 1000w\" sizes=\"auto, (max-width: 199px) 100vw, 199px\" \/><\/p>\n","protected":false},"excerpt":{"rendered":"<p>Dieses Jahr werden wir im Sommer auf das Di\u00f6zesanlager der Di\u00f6zese Mainz fahren. Einige von euch erinnern sich vielleicht noch an das letzte solche Lager, 2014 waren wir mit \u201eScouttropolis\u201c in Gro\u00dfzerlang. Dieses Jahr fahren wir mit 1000 anderen Pfadies nach Immenhausen (bei Kassel). Dabei sind Pfadfinder*innen aus der ganzen [&hellip;]<\/p>\n","protected":false},"author":2,"featured_media":2033,"comment_status":"closed","ping_status":"open","sticky":false,"template":"","format":"standard","meta":{"footnotes":""},"categories":[6],"tags":[],"class_list":["post-2052","post","type-post","status-publish","format-standard","has-post-thumbnail","hentry","category-lager"],"_links":{"self":[{"href":"http:\/\/pfadfinder-urberach.de\/index.php\/wp-json\/wp\/v2\/posts\/2052","targetHints":{"allow":["GET"]}}],"collection":[{"href":"http:\/\/pfadfinder-urberach.de\/index.php\/wp-json\/wp\/v2\/posts"}],"about":[{"href":"http:\/\/pfadfinder-urberach.de\/index.php\/wp-json\/wp\/v2\/types\/post"}],"author":[{"embeddable":true,"href":"http:\/\/pfadfinder-urberach.de\/index.php\/wp-json\/wp\/v2\/users\/2"}],"replies":[{"embeddable":true,"href":"http:\/\/pfadfinder-urberach.de\/index.php\/wp-json\/wp\/v2\/comments?post=2052"}],"version-history":[{"count":2,"href":"http:\/\/pfadfinder-urberach.de\/index.php\/wp-json\/wp\/v2\/posts\/2052\/revisions"}],"predecessor-version":[{"id":2058,"href":"http:\/\/pfadfinder-urberach.de\/index.php\/wp-json\/wp\/v2\/posts\/2052\/revisions\/2058"}],"wp:featuredmedia":[{"embeddable":true,"href":"http:\/\/pfadfinder-urberach.de\/index.php\/wp-json\/wp\/v2\/media\/2033"}],"wp:attachment":[{"href":"http:\/\/pfadfinder-urberach.de\/index.php\/wp-json\/wp\/v2\/media?parent=2052"}],"wp:term":[{"taxonomy":"category","embeddable":true,"href":"http:\/\/pfadfinder-urberach.de\/index.php\/wp-json\/wp\/v2\/categories?post=2052"},{"taxonomy":"post_tag","embeddable":true,"href":"http:\/\/pfadfinder-urberach.de\/index.php\/wp-json\/wp\/v2\/tags?post=2052"}],"curies":[{"name":"wp","href":"https:\/\/api.w.org\/{rel}","templated":true}]}}